{"id":19605,"date":"2024-02-03T12:25:42","date_gmt":"2024-02-03T11:25:42","guid":{"rendered":"http:\/\/lareedbigband.eu\/?p=19605"},"modified":"2024-02-03T12:25:42","modified_gmt":"2024-02-03T11:25:42","slug":"jazzfruehschoppen-mit-marko-mebus","status":"publish","type":"post","link":"https:\/\/lareedbigband.eu\/index.php\/2024\/02\/03\/jazzfruehschoppen-mit-marko-mebus\/","title":{"rendered":"Jazzfr\u00fchschoppen mit Marko Mebus"},"content":{"rendered":"<p>Es ostert schon wieder im Ried und anderswo.<\/p>\n<p>Aber im Ried ist am Sonntag vormittag was los!<\/p>\n<p>Jazzfr\u00fchschoppen mit keinem geringeren als <a href=\"https:\/\/www.markomebus.de\/\">Marko Mebus<\/a>.<\/p>\n<p><img loading=\"lazy\" decoding=\"async\" class=\"size-medium wp-image-19603 alignright\" src=\"http:\/\/lareedbigband.eu\/wp-content\/uploads\/2024\/02\/markomebus-300x200.jpg\" alt=\"\" width=\"300\" height=\"200\" srcset=\"https:\/\/lareedbigband.eu\/wp-content\/uploads\/2024\/02\/markomebus-300x200.jpg 300w, https:\/\/lareedbigband.eu\/wp-content\/uploads\/2024\/02\/markomebus-1024x683.jpg 1024w, https:\/\/lareedbigband.eu\/wp-content\/uploads\/2024\/02\/markomebus-768x512.jpg 768w, https:\/\/lareedbigband.eu\/wp-content\/uploads\/2024\/02\/markomebus-1536x1024.jpg 1536w, https:\/\/lareedbigband.eu\/wp-content\/uploads\/2024\/02\/markomebus.jpg 1600w\" sizes=\"auto, (max-width: 300px) 100vw, 300px\" \/><\/p>\n<p>Der <a href=\"https:\/\/wo-magazin.de\/marko-mebus-ist-der-wormser-jazzpreistraeger-2023\/\">preisgekr\u00f6nte Trompeter<\/a> ist der <a href=\"https:\/\/www.markomebus.de\/vita\/\">aufsteigende Stern<\/a> an Deutschlands Blechhimmel und zudem ein vorz\u00fcglicher Vocalist.<\/p>\n<p>Wir freuen uns mit Ihnen, dass wir Ihnen diesen Leckerbissen pr\u00e4sentieren k\u00f6nnen.<\/p>\n<p>Also &#8211; lassen Sie alles fallen und liegen und machen Sie uns die Halle voll!<\/p>\n","protected":false},"excerpt":{"rendered":"<p>Es ostert schon wieder im Ried und anderswo. Aber im Ried ist am Sonntag vormittag was los! Jazzfr\u00fchschoppen mit keinem geringeren als Marko Mebus. Der preisgekr\u00f6nte Trompeter ist der aufsteigende Stern an Deutschlands Blechhimmel und zudem ein vorz\u00fcglicher Vocalist. Wir freuen uns mit Ihnen, dass wir Ihnen diesen Leckerbissen pr\u00e4sentieren<a href=\"https:\/\/lareedbigband.eu\/index.php\/2024\/02\/03\/jazzfruehschoppen-mit-marko-mebus\/\" class=\"read-more\">Read More&#8230;<\/a><\/p>\n","protected":false},"author":1,"featured_media":0,"comment_status":"closed","ping_status":"closed","sticky":false,"template":"","format":"standard","meta":{"footnotes":""},"categories":[2],"tags":[17,33,32],"class_list":["post-19605","post","type-post","status-publish","format-standard","hentry","category-events","tag-jazzfruehschoppen","tag-marko-mebus","tag-trompeter"],"_links":{"self":[{"href":"https:\/\/lareedbigband.eu\/index.php\/wp-json\/wp\/v2\/posts\/19605","targetHints":{"allow":["GET"]}}],"collection":[{"href":"https:\/\/lareedbigband.eu\/index.php\/wp-json\/wp\/v2\/posts"}],"about":[{"href":"https:\/\/lareedbigband.eu\/index.php\/wp-json\/wp\/v2\/types\/post"}],"author":[{"embeddable":true,"href":"https:\/\/lareedbigband.eu\/index.php\/wp-json\/wp\/v2\/users\/1"}],"replies":[{"embeddable":true,"href":"https:\/\/lareedbigband.eu\/index.php\/wp-json\/wp\/v2\/comments?post=19605"}],"version-history":[{"count":1,"href":"https:\/\/lareedbigband.eu\/index.php\/wp-json\/wp\/v2\/posts\/19605\/revisions"}],"predecessor-version":[{"id":19606,"href":"https:\/\/lareedbigband.eu\/index.php\/wp-json\/wp\/v2\/posts\/19605\/revisions\/19606"}],"wp:attachment":[{"href":"https:\/\/lareedbigband.eu\/index.php\/wp-json\/wp\/v2\/media?parent=19605"}],"wp:term":[{"taxonomy":"category","embeddable":true,"href":"https:\/\/lareedbigband.eu\/index.php\/wp-json\/wp\/v2\/categories?post=19605"},{"taxonomy":"post_tag","embeddable":true,"href":"https:\/\/lareedbigband.eu\/index.php\/wp-json\/wp\/v2\/tags?post=19605"}],"curies":[{"name":"wp","href":"https:\/\/api.w.org\/{rel}","templated":true}]}}